{"id":2161,"date":"2024-10-30T11:14:49","date_gmt":"2024-10-30T11:14:49","guid":{"rendered":"https:\/\/armasul.com\/?p=2161"},"modified":"2024-10-30T11:18:30","modified_gmt":"2024-10-30T11:18:30","slug":"introducao-no-consumo-de-veiculos-de-emissoes-nulas-no-ano-de-2024-mobilidade-verde-passageiros","status":"publish","type":"post","link":"https:\/\/armasul.com\/index.php\/introducao-no-consumo-de-veiculos-de-emissoes-nulas-no-ano-de-2024-mobilidade-verde-passageiros\/","title":{"rendered":"Introdu\u00e7\u00e3o no consumo de ve\u00edculos de emiss\u00f5es nulas no ano de 2024 &#8211; Mobilidade Verde Passageiros"},"content":{"rendered":"<p>[et_pb_section fb_built=&#8221;1&#8243; fullwidth=&#8221;on&#8221; admin_label=&#8221;Slider Section&#8221; _builder_version=&#8221;4.20.0&#8243; background_enable_color=&#8221;off&#8221; min_height=&#8221;60vh&#8221; locked=&#8221;off&#8221; collapsed=&#8221;off&#8221; global_colors_info=&#8221;{}&#8221;][et_pb_fullwidth_slider show_pagination=&#8221;off&#8221; use_bg_overlay=&#8221;off&#8221; arrows_custom_color=&#8221;#FFFFFF&#8221; dot_nav_custom_color=&#8221;#FFFFFF&#8221; show_arrows_tablet=&#8221;&#8221; show_arrows_phone=&#8221;off&#8221; show_arrows_last_edited=&#8221;on|desktop&#8221; show_pagination_tablet=&#8221;off&#8221; show_pagination_phone=&#8221;off&#8221; show_pagination_last_edited=&#8221;on|phone&#8221; module_class=&#8221;free-slider-1&#8243; _builder_version=&#8221;4.21.0&#8243; _module_preset=&#8221;default&#8221; header_font=&#8221;Quicksand||||||||&#8221; body_font=&#8221;Quicksand||||||||&#8221; background_color=&#8221;#FFFFFF&#8221; max_width=&#8221;100%&#8221; height=&#8221;70vh&#8221; custom_padding=&#8221;150px||150px||true|false&#8221; custom_padding_tablet=&#8221;100px||100px||true|false&#8221; custom_padding_phone=&#8221;40px||40px||true|false&#8221; custom_padding_last_edited=&#8221;on|phone&#8221; auto=&#8221;on&#8221; auto_speed=&#8221;10000&#8243; auto_ignore_hover=&#8221;on&#8221; custom_css_slide_arrows=&#8221;font-family: &#8216;Quicksand&#8217; !important;&#8221; global_colors_info=&#8221;{}&#8221;][et_pb_slide content_tablet=&#8221;&#8221; content_phone=&#8221;&#8221; content_last_edited=&#8221;on|desktop&#8221; _builder_version=&#8221;4.21.0&#8243; _module_preset=&#8221;default&#8221; background_enable_color=&#8221;off&#8221; background_color_gradient_start=&#8221;rgba(43,135,218,0.34)&#8221; background_color_gradient_end=&#8221;rgba(41,196,169,0.43)&#8221; background_image=&#8221;https:\/\/armasul.com\/wp-content\/uploads\/2023\/02\/IMG_3447-scaled.jpg&#8221; background_enable_image=&#8221;on&#8221; parallax=&#8221;on&#8221; global_colors_info=&#8221;{}&#8221; sticky_transition=&#8221;on&#8221;][\/et_pb_slide][et_pb_slide content_tablet=&#8221;&#8221; content_phone=&#8221;&#8221; content_last_edited=&#8221;on|desktop&#8221; _builder_version=&#8221;4.21.0&#8243; _module_preset=&#8221;default&#8221; background_enable_color=&#8221;off&#8221; background_color_gradient_start=&#8221;rgba(43,135,218,0.34)&#8221; background_color_gradient_end=&#8221;rgba(41,196,169,0.43)&#8221; background_image=&#8221;https:\/\/armasul.com\/wp-content\/uploads\/2023\/02\/IMG_2921-scaled.jpg&#8221; background_enable_image=&#8221;on&#8221; parallax=&#8221;on&#8221; parallax_method=&#8221;off&#8221; global_colors_info=&#8221;{}&#8221; sticky_transition=&#8221;on&#8221;][\/et_pb_slide][et_pb_slide content_tablet=&#8221;&#8221; content_phone=&#8221;&#8221; content_last_edited=&#8221;on|desktop&#8221; _builder_version=&#8221;4.21.0&#8243; _module_preset=&#8221;default&#8221; background_enable_color=&#8221;off&#8221; background_color_gradient_start=&#8221;rgba(43,135,218,0.34)&#8221; background_color_gradient_end=&#8221;rgba(41,196,169,0.43)&#8221; background_image=&#8221;https:\/\/armasul.com\/wp-content\/uploads\/2023\/02\/14.jpg&#8221; background_enable_image=&#8221;on&#8221; parallax=&#8221;on&#8221; parallax_method=&#8221;off&#8221; global_colors_info=&#8221;{}&#8221; sticky_transition=&#8221;on&#8221;]&nbsp;<\/p>\n<p>&nbsp;<\/p>\n<p>&nbsp;<\/p>\n<p>&nbsp;<\/p>\n<p>&nbsp;<\/p>\n<p>&nbsp;<\/p>\n<p>&nbsp;<br \/>\n[\/et_pb_slide][\/et_pb_fullwidth_slider][et_pb_fullwidth_code admin_label=&#8221;Custom CSS &#8211; No delete!&#8221; _builder_version=&#8221;4.20.0&#8243; _module_preset=&#8221;default&#8221; custom_margin=&#8221;||-6px||false|false&#8221; custom_padding=&#8221;0px||5px|||&#8221; global_colors_info=&#8221;{}&#8221;]<\/p>\n<style><!-- [et_pb_line_break_holder] -->\/*Slider*\/    <!-- [et_pb_line_break_holder] -->.free-slider-1 .et-pb-controllers a {<!-- [et_pb_line_break_holder] -->    border-radius: 0px;<!-- [et_pb_line_break_holder] -->    width: 15px;<!-- [et_pb_line_break_holder] -->    height:2px;<!-- [et_pb_line_break_holder] -->}<!-- [et_pb_line_break_holder] --><!-- [et_pb_line_break_holder] -->.free-slider-1 .et-pb-controllers .et-pb-active-control {<!-- [et_pb_line_break_holder] -->    width: 150px;<!-- [et_pb_line_break_holder] -->}<!-- [et_pb_line_break_holder] -->  <!-- [et_pb_line_break_holder] -->.free-slider-1 .et-pb-arrow-next {<!-- [et_pb_line_break_holder] -->  opacity: 1;<!-- [et_pb_line_break_holder] -->  right: 3% !important;<!-- [et_pb_line_break_holder] -->}<!-- [et_pb_line_break_holder] --><!-- [et_pb_line_break_holder] -->.free-slider-1 .et-pb-arrow-prev {<!-- [et_pb_line_break_holder] -->  opacity: 1;<!-- [et_pb_line_break_holder] -->  left: 3% !important;<!-- [et_pb_line_break_holder] -->} <!-- [et_pb_line_break_holder] -->  <!-- [et_pb_line_break_holder] -->.free-slider-1 .et-pb-arrow-prev:before {<!-- [et_pb_line_break_holder] -->  content: 'Anterior' !important;<!-- [et_pb_line_break_holder] -->\tfont-family: 'Quicksand' !important;<!-- [et_pb_line_break_holder] -->  font-size: 14px;<!-- [et_pb_line_break_holder] -->  font-weight: 400;<!-- [et_pb_line_break_holder] -->\tletter-spacing: 3px;<!-- [et_pb_line_break_holder] -->  text-transform: uppercase;<!-- [et_pb_line_break_holder] -->  display: inline-block;<!-- [et_pb_line_break_holder] -->   transform: rotate(-90deg);<!-- [et_pb_line_break_holder] -->}<!-- [et_pb_line_break_holder] --><!-- [et_pb_line_break_holder] -->.free-slider-1 .et-pb-arrow-next:before {<!-- [et_pb_line_break_holder] -->\tcontent:'Pr\u00f3ximo' !important;<!-- [et_pb_line_break_holder] -->\tfont-family: 'Quicksand' !important;<!-- [et_pb_line_break_holder] -->\tfont-size: 14px;<!-- [et_pb_line_break_holder] -->  font-weight: 400;<!-- [et_pb_line_break_holder] -->\tletter-spacing: 3px;<!-- [et_pb_line_break_holder] -->  text-transform: uppercase;<!-- [et_pb_line_break_holder] -->  display: inline-block;<!-- [et_pb_line_break_holder] -->   transform: rotate(90deg);<!-- [et_pb_line_break_holder] -->}<!-- [et_pb_line_break_holder] -->  <!-- [et_pb_line_break_holder] -->.free-slider-1 .et_pb_slide_description {<!-- [et_pb_line_break_holder] --> animation: none !important;<!-- [et_pb_line_break_holder] -->} <!-- [et_pb_line_break_holder] -->  <!-- [et_pb_line_break_holder] -->.free-slider-1 .et-pb-active-slide {<!-- [et_pb_line_break_holder] -->    opacity: 1 !important;<!-- [et_pb_line_break_holder] --><!-- [et_pb_line_break_holder] -->}  <!-- [et_pb_line_break_holder] -->  <!-- [et_pb_line_break_holder] -->.free-slider-1 .et_pb_slide .et_parallax_bg {<!-- [et_pb_line_break_holder] -->   animation: zoom-in-effect 10s forwards;<!-- [et_pb_line_break_holder] -->  -ms-animation: zoom-in-effect 10s forwards;<!-- [et_pb_line_break_holder] -->  -webkit-animation: zoom-in-effect 10s forwards;<!-- [et_pb_line_break_holder] -->  -0-animation: zoom-in-effect 10s forwards;<!-- [et_pb_line_break_holder] -->  -moz-animation: zoom-in-effect 10s forwards;<!-- [et_pb_line_break_holder] -->  animation-delay: 0ms;<!-- [et_pb_line_break_holder] -->  filter: brightness(0.8);<!-- [et_pb_line_break_holder] -->}<!-- [et_pb_line_break_holder] --> <!-- [et_pb_line_break_holder] --> <!-- [et_pb_line_break_holder] -->.free-slider-1 .et_parallax_bg {<!-- [et_pb_line_break_holder] -->   animation: zoom-in-effect 10s forwards;<!-- [et_pb_line_break_holder] -->  -ms-animation: zoom-in-effect 10s forwards;<!-- [et_pb_line_break_holder] -->  -webkit-animation: zoom-in-effect 10s forwards;<!-- [et_pb_line_break_holder] -->  -0-animation: zoom-in-effect 10s forwards;<!-- [et_pb_line_break_holder] -->  -moz-animation: zoom-in-effect 10s forwards;<!-- [et_pb_line_break_holder] -->  animation-delay: 0ms;<!-- [et_pb_line_break_holder] -->  <!-- [et_pb_line_break_holder] -->}<!-- [et_pb_line_break_holder] --> <!-- [et_pb_line_break_holder] --> <!-- [et_pb_line_break_holder] -->@keyframes zoom-in-effect {<!-- [et_pb_line_break_holder] -->0%{<!-- [et_pb_line_break_holder] -->    -ms-transform: scale3d(1, 1, 1);<!-- [et_pb_line_break_holder] -->    -webkit-transform: scale3d(1, 1, 1);<!-- [et_pb_line_break_holder] -->    -o-transform: scale3d(1, 1, 1);<!-- [et_pb_line_break_holder] -->    -moz-transform: scale3d(1, 1, 1);<!-- [et_pb_line_break_holder] -->    transform: scale3d(1, 1, 1);<!-- [et_pb_line_break_holder] -->    animation-timing-function: ease;<!-- [et_pb_line_break_holder] --><!-- [et_pb_line_break_holder] -->}<!-- [et_pb_line_break_holder] -->     <!-- [et_pb_line_break_holder] --> <!-- [et_pb_line_break_holder] -->100%{<!-- [et_pb_line_break_holder] -->  -ms-transform: scale3d(1.1, 1.1, 1.1);<!-- [et_pb_line_break_holder] -->    -webkit-transform: scale3d(1.1, 1.1, 1.1);<!-- [et_pb_line_break_holder] -->    -o-transform: scale3d(1.1, 1.1, 1.1);<!-- [et_pb_line_break_holder] -->    -moz-transform: scale3d(1.1, 1.1, 1.1);<!-- [et_pb_line_break_holder] -->    transform: scale3d(1.1, 1.1, 1.1);<!-- [et_pb_line_break_holder] -->}<!-- [et_pb_line_break_holder] -->}<!-- [et_pb_line_break_holder] --><\/style>\n<p><!-- [et_pb_line_break_holder] --><!-- [et_pb_line_break_holder] --><!-- [et_pb_line_break_holder] -->[\/et_pb_fullwidth_code][\/et_pb_section][et_pb_section fb_built=&#8221;1&#8243; admin_label=&#8221;Services&#8221; _builder_version=&#8221;4.20.0&#8243; _module_preset=&#8221;default&#8221; background_enable_image=&#8221;off&#8221; parallax=&#8221;on&#8221; custom_margin=&#8221;20px||||false|false&#8221; custom_padding=&#8221;0px|||||&#8221; background_last_edited=&#8221;on|tablet&#8221; background_image_width_tablet=&#8221;170%&#8221; collapsed=&#8221;off&#8221; global_colors_info=&#8221;{}&#8221;][et_pb_row column_structure=&#8221;3_5,2_5&#8243; _builder_version=&#8221;4.20.0&#8243; _module_preset=&#8221;default&#8221; global_colors_info=&#8221;{}&#8221;][et_pb_column type=&#8221;3_5&#8243; _builder_version=&#8221;4.20.0&#8243; _module_preset=&#8221;default&#8221; global_colors_info=&#8221;{}&#8221;][et_pb_post_title author=&#8221;off&#8221; comments=&#8221;off&#8221; _builder_version=&#8221;4.20.0&#8243; _module_preset=&#8221;default&#8221; global_colors_info=&#8221;{}&#8221;][\/et_pb_post_title][et_pb_text _builder_version=&#8221;4.27.0&#8243; _module_preset=&#8221;default&#8221; text_font=&#8221;Abel||||||||&#8221; text_font_size=&#8221;20px&#8221; global_colors_info=&#8221;{}&#8221;]<\/p>\n<p style=\"text-align: justify;\">O incentivo pela introdu\u00e7\u00e3o no consumo de ve\u00edculos ligeiros de passageiros de emiss\u00f5es nulas, traduzido na forma de atribui\u00e7\u00e3o de um incentivo no valor de 4 000 euros (quatro mil euros) para pessoas singulares, \u00e9 devido pela introdu\u00e7\u00e3o no consumo de um ve\u00edculo 100 % el\u00e9trico novo e pelo abate de uma viatura a combust\u00edveis f\u00f3sseis com mais de 10 anos.<\/p>\n<p style=\"text-align: justify;\">Dever\u00e1 ser apresentado o comprovativo de abate de uma viatura a combust\u00edveis f\u00f3sseis com mais de 10 anos, passado em nome do candidato, no caso de candidaturas \u00e0 tipologia 1 &#8211; Ve\u00edculos ligeiros de passageiros (categoria M1), devendo o abate ter ocorrido ap\u00f3s 1 de janeiro de 2022.\u00a0<\/p>\n<p>[\/et_pb_text][et_pb_video src=&#8221;https:\/\/armasul.com\/wp-content\/uploads\/2023\/06\/solucoes-de-carregamento-de-veiculos-electricos-compr.mp4&#8243; _builder_version=&#8221;4.27.0&#8243; _module_preset=&#8221;default&#8221; global_colors_info=&#8221;{}&#8221;][\/et_pb_video][et_pb_button button_url=&#8221;https:\/\/armasul.com\/index.php\/marcas\/carregadores-de-veiculos-electricos\/&#8221; url_new_window=&#8221;on&#8221; button_text=&#8221;Conhe\u00e7a os carregadores dispon\u00edveis na Armasul&#8221; _builder_version=&#8221;4.27.0&#8243; _module_preset=&#8221;default&#8221; global_colors_info=&#8221;{}&#8221;][\/et_pb_button][et_pb_text _builder_version=&#8221;4.27.0&#8243; _module_preset=&#8221;default&#8221; text_font=&#8221;Abel||||||||&#8221; text_font_size=&#8221;20px&#8221; global_colors_info=&#8221;{}&#8221;]<\/p>\n<div class=\"bootstrapScopedWS\">O Incentivo pela Introdu\u00e7\u00e3o no Consumo no Consumo de Ve\u00edculos de Emiss\u00f5es Nulas \u00e9 um compromisso do Fundo Ambiental desde 2017 que pretende dar continuidade \u00e0 implementa\u00e7\u00e3o de medidas de acelera\u00e7\u00e3o da apropria\u00e7\u00e3o de energias de tra\u00e7\u00e3o alternativas e ambientalmente mais favor\u00e1veis, como a tra\u00e7\u00e3o 100 % el\u00e9trica.<\/div>\n<p class=\"bootstrapScopedWS\">\n<p class=\"bootstrapScopedWS\">Este ano para al\u00e9m de operacionalizar esta medida estimula a substitui\u00e7\u00e3o de frotas poluentes por ve\u00edculos zero emiss\u00f5es como medida adicional para eletrifica\u00e7\u00e3o da frota autom\u00f3vel e, desta forma, contribuindo para a melhoria da seguran\u00e7a rodovi\u00e1ria e da qualidade do ambiente e a redu\u00e7\u00e3o da idade m\u00e9dia das frotas nacionais, dando cumprimento ao disposto na Lei de Bases do Clima.<\/p>\n<p class=\"bootstrapScopedWS\">Por forma a garantir a efetividade do incentivo, introduz-se em 2024 a dimens\u00e3o do abate de autom\u00f3vel, na Tipologia 1, por forma a reduzir o impacto dos ve\u00edculos movidos a combust\u00edveis f\u00f3sseis ainda em circula\u00e7\u00e3o.<\/p>\n<p class=\"bootstrapScopedWS\">Desenhado a pensar num p\u00fablico heterog\u00e9neo &#8211; Pessoas singulares e Pessoas coletivas &#8211; concretiza-se atrav\u00e9s da atribui\u00e7\u00e3o de unidades de incentivo que dependem da tipologia dos ve\u00edculos de Emiss\u00f5es Nulas.<\/p>\n<p class=\"bootstrapScopedWS\">Este ano, o Despacho a dota\u00e7\u00e3o de 10M euros, destacando-se quatro \u00e1reas-chave de interven\u00e7\u00e3o, que integram diferentes tipologias de apoio e benefici\u00e1rios distintos:<\/p>\n<ul class=\"bootstrapScopedWS\">\n<li class=\"bootstrapScopedWS\"><strong class=\"bootstrapScopedWS\">Ligeiro de Passageiros<\/strong><\/li>\n<li class=\"bootstrapScopedWS\"><strong class=\"bootstrapScopedWS\">Log\u00edstica urbana<\/strong><\/li>\n<li class=\"bootstrapScopedWS\"><strong class=\"bootstrapScopedWS\">Mobilidade ativa clic\u00e1vel<\/strong><\/li>\n<li class=\"bootstrapScopedWS\"><strong class=\"bootstrapScopedWS\">Carregadores para ve\u00edculos el\u00e9tricos<\/strong><\/li>\n<\/ul>\n<p>[\/et_pb_text][et_pb_text _builder_version=&#8221;4.27.0&#8243; _module_preset=&#8221;default&#8221; text_font=&#8221;Abel||||||||&#8221; text_font_size=&#8221;20px&#8221; global_colors_info=&#8221;{}&#8221;]<\/p>\n<p>Saiba tudo no Link em seguida:<\/p>\n<p><a href=\"https:\/\/www.fundoambiental.pt\/apoios-2024\/mitigacao-as-alteracoes-climaticas\/introducao-no-consumo-de-veiculos-de-emissoes-nulas-no-ano-de-2024-mobilidade-verde-passageiros-2024.aspx\">https:\/\/www.fundoambiental.pt\/apoios-2024\/mitigacao-as-alteracoes-climaticas\/introducao-no-consumo-de-veiculos-de-emissoes-nulas-no-ano-de-2024-mobilidade-verde-passageiros-2024.aspx<\/a><\/p>\n<p>[\/et_pb_text][et_pb_button button_url=&#8221;@ET-DC@eyJkeW5hbWljIjp0cnVlLCJjb250ZW50IjoicG9zdF9saW5rX3VybF9wYWdlIiwic2V0dGluZ3MiOnsicG9zdF9pZCI6IjE2NiJ9fQ==@&#8221; button_text=&#8221;Voltar&#8221; _builder_version=&#8221;4.20.0&#8243; _dynamic_attributes=&#8221;button_url&#8221; _module_preset=&#8221;default&#8221; custom_button=&#8221;on&#8221; button_border_width=&#8221;1px&#8221; button_border_color=&#8221;rgba(0,0,0,0.31)&#8221; button_icon=&#8221;&#x23;||divi||400&#8243; button_icon_placement=&#8221;left&#8221; button_on_hover=&#8221;off&#8221; global_colors_info=&#8221;{}&#8221;][\/et_pb_button][\/et_pb_column][et_pb_column type=&#8221;2_5&#8243; _builder_version=&#8221;4.20.0&#8243; _module_preset=&#8221;default&#8221; global_colors_info=&#8221;{}&#8221;][et_pb_image src=&#8221;https:\/\/armasul.com\/wp-content\/uploads\/2023\/06\/Philips_logo_new.svg_.png&#8221; title_text=&#8221;Philips_logo_new.svg&#8221; align=&#8221;center&#8221; _builder_version=&#8221;4.21.0&#8243; _module_preset=&#8221;default&#8221; max_width=&#8221;60%&#8221; module_alignment=&#8221;center&#8221; global_colors_info=&#8221;{}&#8221;][\/et_pb_image][et_pb_divider show_divider=&#8221;off&#8221; _builder_version=&#8221;4.20.0&#8243; _module_preset=&#8221;default&#8221; global_colors_info=&#8221;{}&#8221;][\/et_pb_divider][et_pb_blog posts_number=&#8221;3&#8243; show_author=&#8221;off&#8221; show_pagination=&#8221;off&#8221; offset_number=&#8221;1&#8243; _builder_version=&#8221;4.21.0&#8243; _module_preset=&#8221;default&#8221; global_colors_info=&#8221;{}&#8221;][\/et_pb_blog][\/et_pb_column][\/et_pb_row][\/et_pb_section]<\/p>\n","protected":false},"excerpt":{"rendered":"<p>&nbsp; &nbsp; &nbsp; &nbsp; &nbsp; &nbsp; &nbsp; O incentivo pela introdu\u00e7\u00e3o no consumo de ve\u00edculos ligeiros de passageiros de emiss\u00f5es nulas, traduzido na forma de atribui\u00e7\u00e3o de um incentivo no valor de 4 000 euros (quatro mil euros) para pessoas singulares, \u00e9 devido pela introdu\u00e7\u00e3o no consumo de um ve\u00edculo 100 % el\u00e9trico novo e [&hellip;]<\/p>\n","protected":false},"author":1,"featured_media":1263,"comment_status":"open","ping_status":"open","sticky":false,"template":"","format":"standard","meta":{"_et_pb_use_builder":"on","_et_pb_old_content":"","_et_gb_content_width":"","footnotes":""},"categories":[132,18],"tags":[],"class_list":["post-2161","post","type-post","status-publish","format-standard","has-post-thumbnail","hentry","category-carregador-de-veiculos-electricos","category-noticia"],"yoast_head":"<!-- This site is optimized with the Yoast SEO plugin v27.5 - https:\/\/yoast.com\/product\/yoast-seo-wordpress\/ -->\n<title>Introdu\u00e7\u00e3o no consumo de ve\u00edculos de emiss\u00f5es nulas no ano de 2024 - Mobilidade Verde Passageiros - Armasul<\/title>\n<meta name=\"robots\" content=\"index, follow, max-snippet:-1, max-image-preview:large, max-video-preview:-1\" \/>\n<link rel=\"canonical\" href=\"https:\/\/armasul.com\/index.php\/introducao-no-consumo-de-veiculos-de-emissoes-nulas-no-ano-de-2024-mobilidade-verde-passageiros\/\" \/>\n<meta property=\"og:locale\" content=\"en_US\" \/>\n<meta property=\"og:type\" content=\"article\" \/>\n<meta property=\"og:title\" content=\"Introdu\u00e7\u00e3o no consumo de ve\u00edculos de emiss\u00f5es nulas no ano de 2024 - Mobilidade Verde Passageiros - Armasul\" \/>\n<meta property=\"og:description\" content=\"&nbsp; &nbsp; &nbsp; &nbsp; &nbsp; &nbsp; &nbsp; O incentivo pela introdu\u00e7\u00e3o no consumo de ve\u00edculos ligeiros de passageiros de emiss\u00f5es nulas, traduzido na forma de atribui\u00e7\u00e3o de um incentivo no valor de 4 000 euros (quatro mil euros) para pessoas singulares, \u00e9 devido pela introdu\u00e7\u00e3o no consumo de um ve\u00edculo 100 % el\u00e9trico novo e [&hellip;]\" \/>\n<meta property=\"og:url\" content=\"https:\/\/armasul.com\/index.php\/introducao-no-consumo-de-veiculos-de-emissoes-nulas-no-ano-de-2024-mobilidade-verde-passageiros\/\" \/>\n<meta property=\"og:site_name\" content=\"Armasul\" \/>\n<meta property=\"article:published_time\" content=\"2024-10-30T11:14:49+00:00\" \/>\n<meta property=\"article:modified_time\" content=\"2024-10-30T11:18:30+00:00\" \/>\n<meta property=\"og:image\" content=\"https:\/\/armasul.com\/wp-content\/uploads\/2023\/06\/IMG_6633-Retocada-scaled.jpg\" \/>\n\t<meta property=\"og:image:width\" content=\"2560\" \/>\n\t<meta property=\"og:image:height\" content=\"1707\" \/>\n\t<meta property=\"og:image:type\" content=\"image\/jpeg\" \/>\n<meta name=\"author\" content=\"wparmasul\" \/>\n<meta name=\"twitter:card\" content=\"summary_large_image\" \/>\n<meta name=\"twitter:label1\" content=\"Written by\" \/>\n\t<meta name=\"twitter:data1\" content=\"wparmasul\" \/>\n\t<meta name=\"twitter:label2\" content=\"Est. reading time\" \/>\n\t<meta name=\"twitter:data2\" content=\"4 minutes\" \/>\n<script type=\"application\/ld+json\" class=\"yoast-schema-graph\">{\"@context\":\"https:\\\/\\\/schema.org\",\"@graph\":[{\"@type\":\"Article\",\"@id\":\"https:\\\/\\\/armasul.com\\\/index.php\\\/introducao-no-consumo-de-veiculos-de-emissoes-nulas-no-ano-de-2024-mobilidade-verde-passageiros\\\/#article\",\"isPartOf\":{\"@id\":\"https:\\\/\\\/armasul.com\\\/index.php\\\/introducao-no-consumo-de-veiculos-de-emissoes-nulas-no-ano-de-2024-mobilidade-verde-passageiros\\\/\"},\"author\":{\"name\":\"wparmasul\",\"@id\":\"https:\\\/\\\/armasul.com\\\/#\\\/schema\\\/person\\\/9a2ca4d97b180dde2f3fb5c68deabcc1\"},\"headline\":\"Introdu\u00e7\u00e3o no consumo de ve\u00edculos de emiss\u00f5es nulas no ano de 2024 &#8211; Mobilidade Verde Passageiros\",\"datePublished\":\"2024-10-30T11:14:49+00:00\",\"dateModified\":\"2024-10-30T11:18:30+00:00\",\"mainEntityOfPage\":{\"@id\":\"https:\\\/\\\/armasul.com\\\/index.php\\\/introducao-no-consumo-de-veiculos-de-emissoes-nulas-no-ano-de-2024-mobilidade-verde-passageiros\\\/\"},\"wordCount\":1118,\"commentCount\":0,\"publisher\":{\"@id\":\"https:\\\/\\\/armasul.com\\\/#organization\"},\"image\":{\"@id\":\"https:\\\/\\\/armasul.com\\\/index.php\\\/introducao-no-consumo-de-veiculos-de-emissoes-nulas-no-ano-de-2024-mobilidade-verde-passageiros\\\/#primaryimage\"},\"thumbnailUrl\":\"https:\\\/\\\/armasul.com\\\/wp-content\\\/uploads\\\/2023\\\/06\\\/IMG_6633-Retocada-scaled.jpg\",\"articleSection\":[\"Carregador de Ve\u00edculos El\u00e9ctricos\",\"Not\u00edcia\"],\"inLanguage\":\"en-US\",\"potentialAction\":[{\"@type\":\"CommentAction\",\"name\":\"Comment\",\"target\":[\"https:\\\/\\\/armasul.com\\\/index.php\\\/introducao-no-consumo-de-veiculos-de-emissoes-nulas-no-ano-de-2024-mobilidade-verde-passageiros\\\/#respond\"]}]},{\"@type\":\"WebPage\",\"@id\":\"https:\\\/\\\/armasul.com\\\/index.php\\\/introducao-no-consumo-de-veiculos-de-emissoes-nulas-no-ano-de-2024-mobilidade-verde-passageiros\\\/\",\"url\":\"https:\\\/\\\/armasul.com\\\/index.php\\\/introducao-no-consumo-de-veiculos-de-emissoes-nulas-no-ano-de-2024-mobilidade-verde-passageiros\\\/\",\"name\":\"Introdu\u00e7\u00e3o no consumo de ve\u00edculos de emiss\u00f5es nulas no ano de 2024 - Mobilidade Verde Passageiros - Armasul\",\"isPartOf\":{\"@id\":\"https:\\\/\\\/armasul.com\\\/#website\"},\"primaryImageOfPage\":{\"@id\":\"https:\\\/\\\/armasul.com\\\/index.php\\\/introducao-no-consumo-de-veiculos-de-emissoes-nulas-no-ano-de-2024-mobilidade-verde-passageiros\\\/#primaryimage\"},\"image\":{\"@id\":\"https:\\\/\\\/armasul.com\\\/index.php\\\/introducao-no-consumo-de-veiculos-de-emissoes-nulas-no-ano-de-2024-mobilidade-verde-passageiros\\\/#primaryimage\"},\"thumbnailUrl\":\"https:\\\/\\\/armasul.com\\\/wp-content\\\/uploads\\\/2023\\\/06\\\/IMG_6633-Retocada-scaled.jpg\",\"datePublished\":\"2024-10-30T11:14:49+00:00\",\"dateModified\":\"2024-10-30T11:18:30+00:00\",\"breadcrumb\":{\"@id\":\"https:\\\/\\\/armasul.com\\\/index.php\\\/introducao-no-consumo-de-veiculos-de-emissoes-nulas-no-ano-de-2024-mobilidade-verde-passageiros\\\/#breadcrumb\"},\"inLanguage\":\"en-US\",\"potentialAction\":[{\"@type\":\"ReadAction\",\"target\":[\"https:\\\/\\\/armasul.com\\\/index.php\\\/introducao-no-consumo-de-veiculos-de-emissoes-nulas-no-ano-de-2024-mobilidade-verde-passageiros\\\/\"]}]},{\"@type\":\"ImageObject\",\"inLanguage\":\"en-US\",\"@id\":\"https:\\\/\\\/armasul.com\\\/index.php\\\/introducao-no-consumo-de-veiculos-de-emissoes-nulas-no-ano-de-2024-mobilidade-verde-passageiros\\\/#primaryimage\",\"url\":\"https:\\\/\\\/armasul.com\\\/wp-content\\\/uploads\\\/2023\\\/06\\\/IMG_6633-Retocada-scaled.jpg\",\"contentUrl\":\"https:\\\/\\\/armasul.com\\\/wp-content\\\/uploads\\\/2023\\\/06\\\/IMG_6633-Retocada-scaled.jpg\",\"width\":2560,\"height\":1707,\"caption\":\"circutor wallbox\"},{\"@type\":\"BreadcrumbList\",\"@id\":\"https:\\\/\\\/armasul.com\\\/index.php\\\/introducao-no-consumo-de-veiculos-de-emissoes-nulas-no-ano-de-2024-mobilidade-verde-passageiros\\\/#breadcrumb\",\"itemListElement\":[{\"@type\":\"ListItem\",\"position\":1,\"name\":\"Home\",\"item\":\"https:\\\/\\\/armasul.com\\\/\"},{\"@type\":\"ListItem\",\"position\":2,\"name\":\"Introdu\u00e7\u00e3o no consumo de ve\u00edculos de emiss\u00f5es nulas no ano de 2024 &#8211; Mobilidade Verde Passageiros\"}]},{\"@type\":\"WebSite\",\"@id\":\"https:\\\/\\\/armasul.com\\\/#website\",\"url\":\"https:\\\/\\\/armasul.com\\\/\",\"name\":\"Armasul\",\"description\":\"Distribuidor de Materiais El\u00e9ctricos, SA\",\"publisher\":{\"@id\":\"https:\\\/\\\/armasul.com\\\/#organization\"},\"potentialAction\":[{\"@type\":\"SearchAction\",\"target\":{\"@type\":\"EntryPoint\",\"urlTemplate\":\"https:\\\/\\\/armasul.com\\\/?s={search_term_string}\"},\"query-input\":{\"@type\":\"PropertyValueSpecification\",\"valueRequired\":true,\"valueName\":\"search_term_string\"}}],\"inLanguage\":\"en-US\"},{\"@type\":\"Organization\",\"@id\":\"https:\\\/\\\/armasul.com\\\/#organization\",\"name\":\"Armasul, distribuidor de materiais el\u00e9ctricos\",\"alternateName\":\"Armasul\",\"url\":\"https:\\\/\\\/armasul.com\\\/\",\"logo\":{\"@type\":\"ImageObject\",\"inLanguage\":\"en-US\",\"@id\":\"https:\\\/\\\/armasul.com\\\/#\\\/schema\\\/logo\\\/image\\\/\",\"url\":\"https:\\\/\\\/armasul.com\\\/wp-content\\\/uploads\\\/2023\\\/06\\\/Logo-Horizontal-CMYK.png\",\"contentUrl\":\"https:\\\/\\\/armasul.com\\\/wp-content\\\/uploads\\\/2023\\\/06\\\/Logo-Horizontal-CMYK.png\",\"width\":842,\"height\":301,\"caption\":\"Armasul, distribuidor de materiais el\u00e9ctricos\"},\"image\":{\"@id\":\"https:\\\/\\\/armasul.com\\\/#\\\/schema\\\/logo\\\/image\\\/\"},\"sameAs\":[\"https:\\\/\\\/pt.linkedin.com\\\/company\\\/armasul\"]},{\"@type\":\"Person\",\"@id\":\"https:\\\/\\\/armasul.com\\\/#\\\/schema\\\/person\\\/9a2ca4d97b180dde2f3fb5c68deabcc1\",\"name\":\"wparmasul\",\"image\":{\"@type\":\"ImageObject\",\"inLanguage\":\"en-US\",\"@id\":\"https:\\\/\\\/secure.gravatar.com\\\/avatar\\\/f0d1129d36e6b542cca90b0bbbcaacf5e5b78e925a08e1b761ac007eca4cdb1c?s=96&d=mm&r=g\",\"url\":\"https:\\\/\\\/secure.gravatar.com\\\/avatar\\\/f0d1129d36e6b542cca90b0bbbcaacf5e5b78e925a08e1b761ac007eca4cdb1c?s=96&d=mm&r=g\",\"contentUrl\":\"https:\\\/\\\/secure.gravatar.com\\\/avatar\\\/f0d1129d36e6b542cca90b0bbbcaacf5e5b78e925a08e1b761ac007eca4cdb1c?s=96&d=mm&r=g\",\"caption\":\"wparmasul\"},\"sameAs\":[\"http:\\\/\\\/armasul.com\"],\"url\":\"https:\\\/\\\/armasul.com\\\/index.php\\\/author\\\/wparmasul\\\/\"}]}<\/script>\n<!-- \/ Yoast SEO plugin. -->","yoast_head_json":{"title":"Introdu\u00e7\u00e3o no consumo de ve\u00edculos de emiss\u00f5es nulas no ano de 2024 - Mobilidade Verde Passageiros - Armasul","robots":{"index":"index","follow":"follow","max-snippet":"max-snippet:-1","max-image-preview":"max-image-preview:large","max-video-preview":"max-video-preview:-1"},"canonical":"https:\/\/armasul.com\/index.php\/introducao-no-consumo-de-veiculos-de-emissoes-nulas-no-ano-de-2024-mobilidade-verde-passageiros\/","og_locale":"en_US","og_type":"article","og_title":"Introdu\u00e7\u00e3o no consumo de ve\u00edculos de emiss\u00f5es nulas no ano de 2024 - Mobilidade Verde Passageiros - Armasul","og_description":"&nbsp; &nbsp; &nbsp; &nbsp; &nbsp; &nbsp; &nbsp; O incentivo pela introdu\u00e7\u00e3o no consumo de ve\u00edculos ligeiros de passageiros de emiss\u00f5es nulas, traduzido na forma de atribui\u00e7\u00e3o de um incentivo no valor de 4 000 euros (quatro mil euros) para pessoas singulares, \u00e9 devido pela introdu\u00e7\u00e3o no consumo de um ve\u00edculo 100 % el\u00e9trico novo e [&hellip;]","og_url":"https:\/\/armasul.com\/index.php\/introducao-no-consumo-de-veiculos-de-emissoes-nulas-no-ano-de-2024-mobilidade-verde-passageiros\/","og_site_name":"Armasul","article_published_time":"2024-10-30T11:14:49+00:00","article_modified_time":"2024-10-30T11:18:30+00:00","og_image":[{"width":2560,"height":1707,"url":"https:\/\/armasul.com\/wp-content\/uploads\/2023\/06\/IMG_6633-Retocada-scaled.jpg","type":"image\/jpeg"}],"author":"wparmasul","twitter_card":"summary_large_image","twitter_misc":{"Written by":"wparmasul","Est. reading time":"4 minutes"},"schema":{"@context":"https:\/\/schema.org","@graph":[{"@type":"Article","@id":"https:\/\/armasul.com\/index.php\/introducao-no-consumo-de-veiculos-de-emissoes-nulas-no-ano-de-2024-mobilidade-verde-passageiros\/#article","isPartOf":{"@id":"https:\/\/armasul.com\/index.php\/introducao-no-consumo-de-veiculos-de-emissoes-nulas-no-ano-de-2024-mobilidade-verde-passageiros\/"},"author":{"name":"wparmasul","@id":"https:\/\/armasul.com\/#\/schema\/person\/9a2ca4d97b180dde2f3fb5c68deabcc1"},"headline":"Introdu\u00e7\u00e3o no consumo de ve\u00edculos de emiss\u00f5es nulas no ano de 2024 &#8211; Mobilidade Verde Passageiros","datePublished":"2024-10-30T11:14:49+00:00","dateModified":"2024-10-30T11:18:30+00:00","mainEntityOfPage":{"@id":"https:\/\/armasul.com\/index.php\/introducao-no-consumo-de-veiculos-de-emissoes-nulas-no-ano-de-2024-mobilidade-verde-passageiros\/"},"wordCount":1118,"commentCount":0,"publisher":{"@id":"https:\/\/armasul.com\/#organization"},"image":{"@id":"https:\/\/armasul.com\/index.php\/introducao-no-consumo-de-veiculos-de-emissoes-nulas-no-ano-de-2024-mobilidade-verde-passageiros\/#primaryimage"},"thumbnailUrl":"https:\/\/armasul.com\/wp-content\/uploads\/2023\/06\/IMG_6633-Retocada-scaled.jpg","articleSection":["Carregador de Ve\u00edculos El\u00e9ctricos","Not\u00edcia"],"inLanguage":"en-US","potentialAction":[{"@type":"CommentAction","name":"Comment","target":["https:\/\/armasul.com\/index.php\/introducao-no-consumo-de-veiculos-de-emissoes-nulas-no-ano-de-2024-mobilidade-verde-passageiros\/#respond"]}]},{"@type":"WebPage","@id":"https:\/\/armasul.com\/index.php\/introducao-no-consumo-de-veiculos-de-emissoes-nulas-no-ano-de-2024-mobilidade-verde-passageiros\/","url":"https:\/\/armasul.com\/index.php\/introducao-no-consumo-de-veiculos-de-emissoes-nulas-no-ano-de-2024-mobilidade-verde-passageiros\/","name":"Introdu\u00e7\u00e3o no consumo de ve\u00edculos de emiss\u00f5es nulas no ano de 2024 - Mobilidade Verde Passageiros - Armasul","isPartOf":{"@id":"https:\/\/armasul.com\/#website"},"primaryImageOfPage":{"@id":"https:\/\/armasul.com\/index.php\/introducao-no-consumo-de-veiculos-de-emissoes-nulas-no-ano-de-2024-mobilidade-verde-passageiros\/#primaryimage"},"image":{"@id":"https:\/\/armasul.com\/index.php\/introducao-no-consumo-de-veiculos-de-emissoes-nulas-no-ano-de-2024-mobilidade-verde-passageiros\/#primaryimage"},"thumbnailUrl":"https:\/\/armasul.com\/wp-content\/uploads\/2023\/06\/IMG_6633-Retocada-scaled.jpg","datePublished":"2024-10-30T11:14:49+00:00","dateModified":"2024-10-30T11:18:30+00:00","breadcrumb":{"@id":"https:\/\/armasul.com\/index.php\/introducao-no-consumo-de-veiculos-de-emissoes-nulas-no-ano-de-2024-mobilidade-verde-passageiros\/#breadcrumb"},"inLanguage":"en-US","potentialAction":[{"@type":"ReadAction","target":["https:\/\/armasul.com\/index.php\/introducao-no-consumo-de-veiculos-de-emissoes-nulas-no-ano-de-2024-mobilidade-verde-passageiros\/"]}]},{"@type":"ImageObject","inLanguage":"en-US","@id":"https:\/\/armasul.com\/index.php\/introducao-no-consumo-de-veiculos-de-emissoes-nulas-no-ano-de-2024-mobilidade-verde-passageiros\/#primaryimage","url":"https:\/\/armasul.com\/wp-content\/uploads\/2023\/06\/IMG_6633-Retocada-scaled.jpg","contentUrl":"https:\/\/armasul.com\/wp-content\/uploads\/2023\/06\/IMG_6633-Retocada-scaled.jpg","width":2560,"height":1707,"caption":"circutor wallbox"},{"@type":"BreadcrumbList","@id":"https:\/\/armasul.com\/index.php\/introducao-no-consumo-de-veiculos-de-emissoes-nulas-no-ano-de-2024-mobilidade-verde-passageiros\/#breadcrumb","itemListElement":[{"@type":"ListItem","position":1,"name":"Home","item":"https:\/\/armasul.com\/"},{"@type":"ListItem","position":2,"name":"Introdu\u00e7\u00e3o no consumo de ve\u00edculos de emiss\u00f5es nulas no ano de 2024 &#8211; Mobilidade Verde Passageiros"}]},{"@type":"WebSite","@id":"https:\/\/armasul.com\/#website","url":"https:\/\/armasul.com\/","name":"Armasul","description":"Distribuidor de Materiais El\u00e9ctricos, SA","publisher":{"@id":"https:\/\/armasul.com\/#organization"},"potentialAction":[{"@type":"SearchAction","target":{"@type":"EntryPoint","urlTemplate":"https:\/\/armasul.com\/?s={search_term_string}"},"query-input":{"@type":"PropertyValueSpecification","valueRequired":true,"valueName":"search_term_string"}}],"inLanguage":"en-US"},{"@type":"Organization","@id":"https:\/\/armasul.com\/#organization","name":"Armasul, distribuidor de materiais el\u00e9ctricos","alternateName":"Armasul","url":"https:\/\/armasul.com\/","logo":{"@type":"ImageObject","inLanguage":"en-US","@id":"https:\/\/armasul.com\/#\/schema\/logo\/image\/","url":"https:\/\/armasul.com\/wp-content\/uploads\/2023\/06\/Logo-Horizontal-CMYK.png","contentUrl":"https:\/\/armasul.com\/wp-content\/uploads\/2023\/06\/Logo-Horizontal-CMYK.png","width":842,"height":301,"caption":"Armasul, distribuidor de materiais el\u00e9ctricos"},"image":{"@id":"https:\/\/armasul.com\/#\/schema\/logo\/image\/"},"sameAs":["https:\/\/pt.linkedin.com\/company\/armasul"]},{"@type":"Person","@id":"https:\/\/armasul.com\/#\/schema\/person\/9a2ca4d97b180dde2f3fb5c68deabcc1","name":"wparmasul","image":{"@type":"ImageObject","inLanguage":"en-US","@id":"https:\/\/secure.gravatar.com\/avatar\/f0d1129d36e6b542cca90b0bbbcaacf5e5b78e925a08e1b761ac007eca4cdb1c?s=96&d=mm&r=g","url":"https:\/\/secure.gravatar.com\/avatar\/f0d1129d36e6b542cca90b0bbbcaacf5e5b78e925a08e1b761ac007eca4cdb1c?s=96&d=mm&r=g","contentUrl":"https:\/\/secure.gravatar.com\/avatar\/f0d1129d36e6b542cca90b0bbbcaacf5e5b78e925a08e1b761ac007eca4cdb1c?s=96&d=mm&r=g","caption":"wparmasul"},"sameAs":["http:\/\/armasul.com"],"url":"https:\/\/armasul.com\/index.php\/author\/wparmasul\/"}]}},"_links":{"self":[{"href":"https:\/\/armasul.com\/index.php\/wp-json\/wp\/v2\/posts\/2161","targetHints":{"allow":["GET"]}}],"collection":[{"href":"https:\/\/armasul.com\/index.php\/wp-json\/wp\/v2\/posts"}],"about":[{"href":"https:\/\/armasul.com\/index.php\/wp-json\/wp\/v2\/types\/post"}],"author":[{"embeddable":true,"href":"https:\/\/armasul.com\/index.php\/wp-json\/wp\/v2\/users\/1"}],"replies":[{"embeddable":true,"href":"https:\/\/armasul.com\/index.php\/wp-json\/wp\/v2\/comments?post=2161"}],"version-history":[{"count":4,"href":"https:\/\/armasul.com\/index.php\/wp-json\/wp\/v2\/posts\/2161\/revisions"}],"predecessor-version":[{"id":2167,"href":"https:\/\/armasul.com\/index.php\/wp-json\/wp\/v2\/posts\/2161\/revisions\/2167"}],"wp:featuredmedia":[{"embeddable":true,"href":"https:\/\/armasul.com\/index.php\/wp-json\/wp\/v2\/media\/1263"}],"wp:attachment":[{"href":"https:\/\/armasul.com\/index.php\/wp-json\/wp\/v2\/media?parent=2161"}],"wp:term":[{"taxonomy":"category","embeddable":true,"href":"https:\/\/armasul.com\/index.php\/wp-json\/wp\/v2\/categories?post=2161"},{"taxonomy":"post_tag","embeddable":true,"href":"https:\/\/armasul.com\/index.php\/wp-json\/wp\/v2\/tags?post=2161"}],"curies":[{"name":"wp","href":"https:\/\/api.w.org\/{rel}","templated":true}]}}